{"id":2807,"date":"2021-08-26T11:50:24","date_gmt":"2021-08-26T11:50:24","guid":{"rendered":"https:\/\/eurogesetze.com\/?p=2807"},"modified":"2021-08-26T11:50:24","modified_gmt":"2021-08-26T11:50:24","slug":"fuenfte-verordnung-ueber-zwingende-arbeitsbedingungen-fuer-aus-und-weiterbildungsdienstleistungen-nach-dem-zweiten-oder-dritten-buch-sozialgesetzbuch-fuenfte-aus-und-weiterbildungsdienstleistungena","status":"publish","type":"post","link":"https:\/\/eurogesetze.com\/?p=2807","title":{"rendered":"F\u00fcnfte Verordnung \u00fcber zwingende Arbeitsbedingungen f\u00fcr Aus- und Weiterbildungsdienstleistungen nach dem Zweiten oder Dritten Buch Sozialgesetzbuch (F\u00fcnfte Aus- und Weiterbildungsdienstleistungenarbeitsbedingungenverordnung &#8211; AusbDienstLArbbV5)"},"content":{"rendered":"<p>Vollzitat: &#8222;F\u00fcnfte Aus- und Weiterbildungsdienstleistungenarbeitsbedingungenverordnung vom 27. M\u00e4rz 2019 (BAnz AT 29.03.2019 V1)&#8220;<!--more--><\/p>\n<p style=\"text-align: center;\"><strong>Eingangsformel<\/strong><\/p>\n<p>Auf Grund des \u00a7 7 Absatz 1 und 2 in Verbindung mit Absatz 4 des Arbeitnehmer-Entsendegesetzes, dessen Abs\u00e4tze 1 und 4 durch Artikel 6 Nummer 6 Buchstabe b und c des Gesetzes vom 11. August 2014 (BGBl. I S. 1348) ge\u00e4ndert worden sind, verordnet das Bundesministerium f\u00fcr Arbeit und Soziales, nachdem es den in den Geltungsbereich dieser Verordnung fallenden Arbeitgebern, Arbeitnehmern und Arbeitnehmerinnen, den Parteien des Tarifvertrags nach \u00a7 1 Absatz 1 dieser Verordnung, den Parteien von Tarifvertr\u00e4gen in der Branche mit zumindest teilweise demselben fachlichen Geltungsbereich sowie den parit\u00e4tisch besetzten Kommissionen, die auf der Grundlage kirchlichen Rechts Arbeitsbedingungen f\u00fcr den Bereich kirchlicher Arbeitgeber zumindest teilweise im Geltungsbereich dieser Rechtsverordnung festlegen, Gelegenheit zur schriftlichen Stellungnahme gegeben hat:<\/p>\n<p style=\"text-align: center;\"><strong>\u00a7 1 Zwingende Arbeitsbedingungen<\/strong><\/p>\n<p>(1) Die in der Anlage zu dieser Verordnung aufgef\u00fchrten Rechtsnormen des Tarifvertrags zur Regelung des Mindestlohns f\u00fcr p\u00e4dagogisches Personal vom 15. November 2011 in der Fassung des \u00c4nderungstarifvertrags Nummer 5 vom 6. Februar 2019, abgeschlossen zwischen der Zweckgemeinschaft des Bundesverbandes der Tr\u00e4ger beruflicher Bildung, Hannoversche Stra\u00dfe 19a, 10115 Berlin, einerseits, sowie der Vereinten Dienstleistungsgewerkschaft (ver.di), Paula-Thiede-Ufer 10, 10179 Berlin, und der Gewerkschaft Erziehung und Wissenschaft (GEW), Reifenberger Stra\u00dfe 21, 60489 Frankfurt\/Main, andererseits, finden auf alle nicht an ihn gebundenen Arbeitgeber sowie Arbeitnehmer und Arbeitnehmerinnen Anwendung, die unter seinen am 1. April 2019 g\u00fcltigen Geltungsbereich fallen, wenn der Betrieb oder die selbstst\u00e4ndige Betriebsabteilung im Sinne des fachlichen Geltungsbereichs des Tarifvertrags \u00fcberwiegend Aus- und Weiterbildungsma\u00dfnahmen nach dem Zweiten oder Dritten Buch Sozialgesetzbuch erbringt.<\/p>\n<p>(2) Die Rechtsnormen des Tarifvertrags gelten auch f\u00fcr Arbeitsverh\u00e4ltnisse zwischen einem Arbeitgeber mit Sitz im Ausland und seinen im Geltungsbereich dieser Verordnung besch\u00e4ftigten Arbeitnehmern und Arbeitnehmerinnen.<\/p>\n<p>(3) Wird ein Leiharbeitnehmer oder eine Leiharbeitnehmerin von einem Entleiher mit T\u00e4tigkeiten besch\u00e4ftigt, die in den Geltungsbereich dieser Verordnung fallen, so hat der Verleiher ihm oder ihr nach \u00a7 8 Absatz 3 des Arbeitnehmer-Entsendegesetzes zumindest die nach dieser Verordnung vorgeschriebenen Arbeitsbedingungen zu gew\u00e4hren; dies gilt auch dann, wenn der Betrieb des Entleihers nicht in den fachlichen Geltungsbereich dieser Verordnung f\u00e4llt.<\/p>\n<p style=\"text-align: center;\"><strong>\u00a7 2 Inkrafttreten, Au\u00dferkrafttreten<\/strong><\/p>\n<p>Diese Verordnung tritt am 1. April 2019 in Kraft und am 31. Dezember 2022 au\u00dfer Kraft.<\/p>\n<p style=\"text-align: center;\"><strong>Anlage (zu \u00a7 1 Absatz 1)<\/strong><\/p>\n<p style=\"text-align: center;\"><strong>Rechtsnormen des Tarifvertrags zur Regelung des Mindestlohns f\u00fcr p\u00e4dagogisches Personal vom 15. November 2011 in der Fassung des \u00c4nderungstarifvertrags Nummer 5 vom 6. Februar 2019<\/strong><\/p>\n<p>(Fundstelle: BAnz AT 29.03.2019 V1)<br \/>\n(Text der Anlage siehe: TVMindestlohnP\u00e4da 5)<\/p>\n<div class=\"social-share-buttons\"><a href=\"https:\/\/www.facebook.com\/sharer\/sharer.php?u=https:\/\/eurogesetze.com\/?p=2807\" target=\"_blank\" rel=\"noopener\">Facebook<\/a><a href=\"https:\/\/twitter.com\/intent\/tweet?url=https:\/\/eurogesetze.com\/?p=2807&text=F%C3%BCnfte+Verordnung+%C3%BCber+zwingende+Arbeitsbedingungen+f%C3%BCr+Aus-+und+Weiterbildungsdienstleistungen+nach+dem+Zweiten+oder+Dritten+Buch+Sozialgesetzbuch+%28F%C3%BCnfte+Aus-+und+Weiterbildungsdienstleistungenarbeitsbedingungenverordnung+%E2%80%93+AusbDienstLArbbV5%29\" target=\"_blank\" rel=\"noopener\">Twitter<\/a><a href=\"https:\/\/www.linkedin.com\/shareArticle?url=https:\/\/eurogesetze.com\/?p=2807&title=F%C3%BCnfte+Verordnung+%C3%BCber+zwingende+Arbeitsbedingungen+f%C3%BCr+Aus-+und+Weiterbildungsdienstleistungen+nach+dem+Zweiten+oder+Dritten+Buch+Sozialgesetzbuch+%28F%C3%BCnfte+Aus-+und+Weiterbildungsdienstleistungenarbeitsbedingungenverordnung+%E2%80%93+AusbDienstLArbbV5%29\" target=\"_blank\" rel=\"noopener\">LinkedIn<\/a><a href=\"https:\/\/pinterest.com\/pin\/create\/button\/?url=https:\/\/eurogesetze.com\/?p=2807&description=F%C3%BCnfte+Verordnung+%C3%BCber+zwingende+Arbeitsbedingungen+f%C3%BCr+Aus-+und+Weiterbildungsdienstleistungen+nach+dem+Zweiten+oder+Dritten+Buch+Sozialgesetzbuch+%28F%C3%BCnfte+Aus-+und+Weiterbildungsdienstleistungenarbeitsbedingungenverordnung+%E2%80%93+AusbDienstLArbbV5%29\" target=\"_blank\" rel=\"noopener\">Pinterest<\/a><\/div>","protected":false},"excerpt":{"rendered":"<p>Vollzitat: &#8222;F\u00fcnfte Aus- und Weiterbildungsdienstleistungenarbeitsbedingungenverordnung vom 27. M\u00e4rz 2019 (BAnz AT 29.03.2019 V1)&#8220; FacebookTwitterLinkedInPinterest<\/p>\n<p class=\"more-link-p\"><a class=\"more-link\" href=\"https:\/\/eurogesetze.com\/?p=2807\">Read more &rarr;<\/a><\/p>\n","protected":false},"author":1,"featured_media":0,"comment_status":"open","ping_status":"closed","sticky":false,"template":"","format":"standard","meta":{"_lmt_disableupdate":"","_lmt_disable":"","footnotes":""},"categories":[3],"tags":[],"class_list":["post-2807","post","type-post","status-publish","format-standard","hentry","category-gesetze-verordnungen"],"modified_by":"eurogesetze","_links":{"self":[{"href":"https:\/\/eurogesetze.com\/index.php?rest_route=\/wp\/v2\/posts\/2807","targetHints":{"allow":["GET"]}}],"collection":[{"href":"https:\/\/eurogesetze.com\/index.php?rest_route=\/wp\/v2\/posts"}],"about":[{"href":"https:\/\/eurogesetze.com\/index.php?rest_route=\/wp\/v2\/types\/post"}],"author":[{"embeddable":true,"href":"https:\/\/eurogesetze.com\/index.php?rest_route=\/wp\/v2\/users\/1"}],"replies":[{"embeddable":true,"href":"https:\/\/eurogesetze.com\/index.php?rest_route=%2Fwp%2Fv2%2Fcomments&post=2807"}],"version-history":[{"count":1,"href":"https:\/\/eurogesetze.com\/index.php?rest_route=\/wp\/v2\/posts\/2807\/revisions"}],"predecessor-version":[{"id":2808,"href":"https:\/\/eurogesetze.com\/index.php?rest_route=\/wp\/v2\/posts\/2807\/revisions\/2808"}],"wp:attachment":[{"href":"https:\/\/eurogesetze.com\/index.php?rest_route=%2Fwp%2Fv2%2Fmedia&parent=2807"}],"wp:term":[{"taxonomy":"category","embeddable":true,"href":"https:\/\/eurogesetze.com\/index.php?rest_route=%2Fwp%2Fv2%2Fcategories&post=2807"},{"taxonomy":"post_tag","embeddable":true,"href":"https:\/\/eurogesetze.com\/index.php?rest_route=%2Fwp%2Fv2%2Ftags&post=2807"}],"curies":[{"name":"wp","href":"https:\/\/api.w.org\/{rel}","templated":true}]}}