{"id":2758,"date":"2021-08-25T19:59:40","date_gmt":"2021-08-25T19:59:40","guid":{"rendered":"https:\/\/eurogesetze.com\/?p=2758"},"modified":"2021-08-25T19:59:40","modified_gmt":"2021-08-25T19:59:40","slug":"abschnitt-5-aufenthalt-aus-voelkerrechtlichen-humanitaeren-oder-politischen-gruenden-aufenthaltsverordnung-aufenthv","status":"publish","type":"post","link":"https:\/\/eurogesetze.com\/?p=2758","title":{"rendered":"Abschnitt 5. Aufenthalt aus v\u00f6lkerrechtlichen, humanit\u00e4ren oder politischen Gr\u00fcnden (Aufenthaltsverordnung &#8211; AufenthV)"},"content":{"rendered":"<p>Aufenthaltsverordnung (AufenthV)<\/p>\n<p>zur Gesamtausgabe der Norm im Format: <a href=\"https:\/\/eurogesetze.com\/?p=2736\">HTML<\/a>, <a href=\"https:\/\/eurogesetze.com\/wp-content\/uploads\/2021\/08\/AufenthV.pdf\" target=\"_blank\" rel=\"noopener\">PDF<\/a><\/p>\n<p style=\"text-align: center;\">Abschnitt 5<br \/>\n<a href=\"https:\/\/eurogesetze.com\/wp-content\/uploads\/2021\/08\/Abschnitt-5.-Aufenthalt-aus-voelkerrechtlichen-humanitaeren-oder-politischen-Gruenden.pdf\" target=\"_blank\" rel=\"noopener\">Aufenthalt aus v\u00f6lkerrechtlichen, humanit\u00e4ren oder politischen Gr\u00fcnden<\/a><!--more--><\/p>\n<p style=\"text-align: center;\"><strong>\u00a7 42 Antragstellung auf Verlegung des Wohnsitzes<\/strong><\/p>\n<p>Ein Ausl\u00e4nder, der auf Grund eines Beschlusses des Rates der Europ\u00e4ischen Union gem\u00e4\u00df der Richtlinie 2001\/ 55\/EG des Rates vom 20. Juli 2001 \u00fcber Mindestnormen f\u00fcr die Gew\u00e4hrung vor\u00fcbergehenden Schutzes im Falle eines Massenzustroms von Vertriebenen und Ma\u00dfnahmen zur F\u00f6rderung einer ausgewogenen Verteilung der Belastungen, die mit der Aufnahme dieser Personen und den Folgen dieser Aufnahme verbunden sind, auf die Mitgliedstaaten (ABl. EG Nr. L 212 S. 12) nach \u00a7 24 Abs. 1 des Aufenthaltsgesetzes im Bundesgebiet aufgenommen wurde, kann bei der zust\u00e4ndigen Ausl\u00e4nderbeh\u00f6rde einen Antrag auf die Verlegung seines Wohnsitzes in einen anderen Mitgliedstaat der Europ\u00e4ischen Union stellen. Die Ausl\u00e4nderbeh\u00f6rde leitet den Antrag an das Bundesamt f\u00fcr Migration und Fl\u00fcchtlinge weiter. Dieses unterrichtet den anderen Mitgliedstaat, die Europ\u00e4ische Kommission und den Hohen Fl\u00fcchtlingskommissar der Vereinten Nationen \u00fcber den gestellten Antrag.<\/p>\n<p style=\"text-align: center;\"><strong>\u00a7 43 Verfahren bei Zustimmung des anderen Mitgliedstaates zur Wohnsitzverlegung<\/strong><\/p>\n<p>(1) Sobald der andere Mitgliedstaat sein Einverst\u00e4ndnis mit der beantragten Wohnsitzverlegung erkl\u00e4rt hat, teilt das Bundesamt f\u00fcr Migration und Fl\u00fcchtlinge unverz\u00fcglich der zust\u00e4ndigen Ausl\u00e4nderbeh\u00f6rde mit,<\/p>\n<p>1. wo und bei welcher Beh\u00f6rde des anderen Mitgliedstaates sich der aufgenommene Ausl\u00e4nder melden soll und<\/p>\n<p>2. welcher Zeitraum f\u00fcr die Ausreise zur Verf\u00fcgung steht.<\/p>\n<p>(2) Die Ausl\u00e4nderbeh\u00f6rde legt nach Anh\u00f6rung des aufgenommenen Ausl\u00e4nders einen Zeitpunkt f\u00fcr die Ausreise fest und teilt diesen dem Bundesamt f\u00fcr Migration und Fl\u00fcchtlinge mit. Dieses unterrichtet den anderen Mitgliedstaat \u00fcber die Einzelheiten der Ausreise und stellt dem Ausl\u00e4nder die hierf\u00fcr vorgesehene Bescheinigung \u00fcber die Wohnsitzverlegung aus, die der zust\u00e4ndigen Ausl\u00e4nderbeh\u00f6rde zur Aush\u00e4ndigung an den Ausl\u00e4nder \u00fcbersandt wird.<\/p>\n<p>zur Gesamtausgabe der Norm im Format: <a href=\"https:\/\/eurogesetze.com\/?p=2736\">HTML<\/a>, <a href=\"https:\/\/eurogesetze.com\/wp-content\/uploads\/2021\/08\/AufenthV.pdf\" target=\"_blank\" rel=\"noopener\">PDF<\/a><\/p>\n<div class=\"social-share-buttons\"><a href=\"https:\/\/www.facebook.com\/sharer\/sharer.php?u=https:\/\/eurogesetze.com\/?p=2758\" target=\"_blank\" rel=\"noopener\">Facebook<\/a><a href=\"https:\/\/twitter.com\/intent\/tweet?url=https:\/\/eurogesetze.com\/?p=2758&text=Abschnitt+5.+Aufenthalt+aus+v%C3%B6lkerrechtlichen%2C+humanit%C3%A4ren+oder+politischen+Gr%C3%BCnden+%28Aufenthaltsverordnung+%E2%80%93+AufenthV%29\" target=\"_blank\" rel=\"noopener\">Twitter<\/a><a href=\"https:\/\/www.linkedin.com\/shareArticle?url=https:\/\/eurogesetze.com\/?p=2758&title=Abschnitt+5.+Aufenthalt+aus+v%C3%B6lkerrechtlichen%2C+humanit%C3%A4ren+oder+politischen+Gr%C3%BCnden+%28Aufenthaltsverordnung+%E2%80%93+AufenthV%29\" target=\"_blank\" rel=\"noopener\">LinkedIn<\/a><a href=\"https:\/\/pinterest.com\/pin\/create\/button\/?url=https:\/\/eurogesetze.com\/?p=2758&description=Abschnitt+5.+Aufenthalt+aus+v%C3%B6lkerrechtlichen%2C+humanit%C3%A4ren+oder+politischen+Gr%C3%BCnden+%28Aufenthaltsverordnung+%E2%80%93+AufenthV%29\" target=\"_blank\" rel=\"noopener\">Pinterest<\/a><\/div>","protected":false},"excerpt":{"rendered":"<p>Aufenthaltsverordnung (AufenthV) zur Gesamtausgabe der Norm im Format: HTML, PDF Abschnitt 5 Aufenthalt aus v\u00f6lkerrechtlichen, humanit\u00e4ren oder politischen Gr\u00fcnden FacebookTwitterLinkedInPinterest<\/p>\n<p class=\"more-link-p\"><a class=\"more-link\" href=\"https:\/\/eurogesetze.com\/?p=2758\">Read more &rarr;<\/a><\/p>\n","protected":false},"author":1,"featured_media":0,"comment_status":"open","ping_status":"closed","sticky":false,"template":"","format":"standard","meta":{"_lmt_disableupdate":"","_lmt_disable":"","footnotes":""},"categories":[3],"tags":[],"class_list":["post-2758","post","type-post","status-publish","format-standard","hentry","category-gesetze-verordnungen"],"modified_by":"eurogesetze","_links":{"self":[{"href":"https:\/\/eurogesetze.com\/index.php?rest_route=\/wp\/v2\/posts\/2758","targetHints":{"allow":["GET"]}}],"collection":[{"href":"https:\/\/eurogesetze.com\/index.php?rest_route=\/wp\/v2\/posts"}],"about":[{"href":"https:\/\/eurogesetze.com\/index.php?rest_route=\/wp\/v2\/types\/post"}],"author":[{"embeddable":true,"href":"https:\/\/eurogesetze.com\/index.php?rest_route=\/wp\/v2\/users\/1"}],"replies":[{"embeddable":true,"href":"https:\/\/eurogesetze.com\/index.php?rest_route=%2Fwp%2Fv2%2Fcomments&post=2758"}],"version-history":[{"count":1,"href":"https:\/\/eurogesetze.com\/index.php?rest_route=\/wp\/v2\/posts\/2758\/revisions"}],"predecessor-version":[{"id":2760,"href":"https:\/\/eurogesetze.com\/index.php?rest_route=\/wp\/v2\/posts\/2758\/revisions\/2760"}],"wp:attachment":[{"href":"https:\/\/eurogesetze.com\/index.php?rest_route=%2Fwp%2Fv2%2Fmedia&parent=2758"}],"wp:term":[{"taxonomy":"category","embeddable":true,"href":"https:\/\/eurogesetze.com\/index.php?rest_route=%2Fwp%2Fv2%2Fcategories&post=2758"},{"taxonomy":"post_tag","embeddable":true,"href":"https:\/\/eurogesetze.com\/index.php?rest_route=%2Fwp%2Fv2%2Ftags&post=2758"}],"curies":[{"name":"wp","href":"https:\/\/api.w.org\/{rel}","templated":true}]}}