{"id":2727,"date":"2021-08-21T19:44:54","date_gmt":"2021-08-21T19:44:54","guid":{"rendered":"https:\/\/eurogesetze.com\/?p=2727"},"modified":"2021-08-21T19:44:54","modified_gmt":"2021-08-21T19:44:54","slug":"kapitel-8-beauftragte-fuer-migration-fluechtlinge-und-integration-aufenthaltsgesetz-aufenthg","status":"publish","type":"post","link":"https:\/\/eurogesetze.com\/?p=2727","title":{"rendered":"Kapitel 8. Beauftragte f\u00fcr Migration, Fl\u00fcchtlinge und Integration (Aufenthaltsgesetz \u2013 AufenthG)"},"content":{"rendered":"<p>Gesetz \u00fcber den Aufenthalt, die Erwerbst\u00e4tigkeit und die Integration von Ausl\u00e4ndern im Bundesgebiet<!--more--><\/p>\n<p>zur Gesamtausgabe der Norm im Format: <a href=\"https:\/\/eurogesetze.com\/?p=2635\" target=\"_blank\" rel=\"noopener\">HTML<\/a>, <a href=\"https:\/\/eurogesetze.com\/wp-content\/uploads\/2021\/08\/Aufenthaltsgesetz\u2013AufenthG.pdf\" target=\"_blank\" rel=\"noopener\">PDF<\/a>, <a href=\"https:\/\/eurogesetze.com\/wp-content\/uploads\/2021\/08\/Aufenthaltsgesetz\u2013AufenthG.doc\">WORD<\/a>.<\/p>\n<p style=\"text-align: center;\">Kapitel 8<br \/>\n<a href=\"https:\/\/eurogesetze.com\/wp-content\/uploads\/2021\/08\/Beauftragte-fuer-Migration-Fluechtlinge-und-Integration.pdf\" target=\"_blank\" rel=\"noopener\"><strong>Beauftragte f\u00fcr Migration, Fl\u00fcchtlinge und Integration<\/strong><\/a><\/p>\n<p style=\"text-align: center;\"><strong>\u00a7 92 Amt der Beauftragten<\/strong><\/p>\n<p>(1) Die Bundesregierung bestellt eine Beauftragte oder einen Beauftragten f\u00fcr Migration, Fl\u00fcchtlinge und Integration.<\/p>\n<p>(2) Das Amt der Beauftragten wird bei einer obersten Bundesbeh\u00f6rde eingerichtet und kann von einem Mitglied des Deutschen Bundestages bekleidet werden. Ohne dass es einer Genehmigung (\u00a7 5 Abs. 2 Satz 2 des Bundesministergesetzes, \u00a7 7 des Gesetzes \u00fcber die Rechtsverh\u00e4ltnisse der Parlamentarischen Staatssekret\u00e4re) bedarf, kann die Beauftragte zugleich ein Amt nach dem Gesetz \u00fcber die Rechtsverh\u00e4ltnisse der Parlamentarischen Staatssekret\u00e4re innehaben. Die Amtsf\u00fchrung der Beauftragten bleibt in diesem Falle von der Rechtsstellung nach dem Gesetz \u00fcber die Rechtsverh\u00e4ltnisse der Parlamentarischen Staatssekret\u00e4re unber\u00fchrt.<\/p>\n<p>(3) Die f\u00fcr die Erf\u00fcllung der Aufgaben notwendige Personal- und Sachausstattung ist zur Verf\u00fcgung zu stellen. Der Ansatz ist im Einzelplan der obersten Bundesbeh\u00f6rde nach Absatz 2 Satz 1 in einem eigenen Kapitel auszuweisen.<\/p>\n<p>(4) Das Amt endet, au\u00dfer im Falle der Entlassung, mit dem Zusammentreten eines neuen Bundestages.<\/p>\n<p style=\"text-align: center;\"><strong>\u00a7 93 Aufgaben<\/strong><\/p>\n<p>Die Beauftragte hat die Aufgaben,<\/p>\n<p>1. die Integration der dauerhaft im Bundesgebiet ans\u00e4ssigen Migranten zu f\u00f6rdern und insbesondere die Bundesregierung bei der Weiterentwicklung ihrer Integrationspolitik auch im Hinblick auf arbeitsmarkt- und sozialpolitische Aspekte zu unterst\u00fctzen sowie f\u00fcr die Weiterentwicklung der Integrationspolitik auch im europ\u00e4ischen Rahmen Anregungen zu geben;<\/p>\n<p>2. die Voraussetzungen f\u00fcr ein m\u00f6glichst spannungsfreies Zusammenleben zwischen Ausl\u00e4ndern und Deutschen sowie unterschiedlichen Gruppen von Ausl\u00e4ndern weiterzuentwickeln, Verst\u00e4ndnis f\u00fcreinander zu f\u00f6rdern und Fremdenfeindlichkeit entgegenzuwirken;<\/p>\n<p>3. nicht gerechtfertigten Ungleichbehandlungen, soweit sie Ausl\u00e4nder betreffen, entgegenzuwirken;<\/p>\n<p>4. den Belangen der im Bundesgebiet befindlichen Ausl\u00e4nder zu einer angemessenen Ber\u00fccksichtigung zu verhelfen;<\/p>\n<p>5. \u00fcber die gesetzlichen M\u00f6glichkeiten der Einb\u00fcrgerung zu informieren;<\/p>\n<p>6. auf die Wahrung der Freiz\u00fcgigkeitsrechte der im Bundesgebiet lebenden Unionsb\u00fcrger zu achten und zu deren weiterer Ausgestaltung Vorschl\u00e4ge zu machen;<\/p>\n<p>7. Initiativen zur Integration der dauerhaft im Bundesgebiet ans\u00e4ssigen Migranten auch bei den L\u00e4ndern und kommunalen Gebietsk\u00f6rperschaften sowie bei den gesellschaftlichen Gruppen anzuregen und zu unterst\u00fctzen;<\/p>\n<p>8. die Zuwanderung ins Bundesgebiet und in die Europ\u00e4ische Union sowie die Entwicklung der Zuwanderung in anderen Staaten zu beobachten;<\/p>\n<p>9. in den Aufgabenbereichen der Nummern 1 bis 8 mit den Stellen der Gemeinden, der L\u00e4nder, anderer Mitgliedstaaten der Europ\u00e4ischen Union und der Europ\u00e4ischen Union selbst, die gleiche oder \u00e4hnliche Aufgaben haben wie die Beauftragte, zusammenzuarbeiten;<\/p>\n<p>10. die \u00d6ffentlichkeit zu den in den Nummern 1 bis 9 genannten Aufgabenbereichen zu informieren.<\/p>\n<p style=\"text-align: center;\"><strong>\u00a7 94 Amtsbefugnisse<\/strong><\/p>\n<p>(1) Die Beauftragte wird bei Rechtsetzungsvorhaben der Bundesregierung oder einzelner Bundesministerien sowie bei sonstigen Angelegenheiten, die ihren Aufgabenbereich betreffen, m\u00f6glichst fr\u00fchzeitig beteiligt. Sie kann der Bundesregierung Vorschl\u00e4ge machen und Stellungnahmen zuleiten. Die Bundesministerien unterst\u00fctzen die Beauftragte bei der Erf\u00fcllung ihrer Aufgaben.<\/p>\n<p>(2) Die Beauftragte f\u00fcr Migration, Fl\u00fcchtlinge und Integration erstattet dem Deutschen Bundestag mindestens alle zwei Jahre einen Bericht.<\/p>\n<p>(3) Liegen der Beauftragten hinreichende Anhaltspunkte vor, dass \u00f6ffentliche Stellen des Bundes Verst\u00f6\u00dfe im Sinne des \u00a7 93 Nr. 3 begehen oder sonst die gesetzlichen Rechte von Ausl\u00e4ndern nicht wahren, so kann sie eine Stellungnahme anfordern. Sie kann diese Stellungnahme mit einer eigenen Bewertung versehen und der \u00f6ffentlichen und deren vorgesetzter Stelle zuleiten. Die \u00f6ffentlichen Stellen des Bundes sind verpflichtet, Auskunft zu erteilen und Fragen zu beantworten. Personenbezogene Daten \u00fcbermitteln die \u00f6ffentlichen Stellen nur, wenn sich der Betroffene selbst mit der Bitte, in seiner Sache gegen\u00fcber der \u00f6ffentlichen Stelle t\u00e4tig zu werden, an die Beauftragte gewandt hat oder die Einwilligung des Ausl\u00e4nders anderweitig nachgewiesen ist.<\/p>\n<p style=\"text-align: center;\">zur Gesamtausgabe der Norm im Format: <a href=\"https:\/\/eurogesetze.com\/?p=2635\" target=\"_blank\" rel=\"noopener\">HTML<\/a>, <a href=\"https:\/\/eurogesetze.com\/wp-content\/uploads\/2021\/08\/Aufenthaltsgesetz\u2013AufenthG.pdf\" target=\"_blank\" rel=\"noopener\">PDF<\/a>, <a href=\"https:\/\/eurogesetze.com\/wp-content\/uploads\/2021\/08\/Aufenthaltsgesetz\u2013AufenthG.doc\">WORD<\/a>.<\/p>\n<div class=\"social-share-buttons\"><a href=\"https:\/\/www.facebook.com\/sharer\/sharer.php?u=https:\/\/eurogesetze.com\/?p=2727\" target=\"_blank\" rel=\"noopener\">Facebook<\/a><a href=\"https:\/\/twitter.com\/intent\/tweet?url=https:\/\/eurogesetze.com\/?p=2727&text=Kapitel+8.+Beauftragte+f%C3%BCr+Migration%2C+Fl%C3%BCchtlinge+und+Integration+%28Aufenthaltsgesetz+%E2%80%93+AufenthG%29\" target=\"_blank\" rel=\"noopener\">Twitter<\/a><a href=\"https:\/\/www.linkedin.com\/shareArticle?url=https:\/\/eurogesetze.com\/?p=2727&title=Kapitel+8.+Beauftragte+f%C3%BCr+Migration%2C+Fl%C3%BCchtlinge+und+Integration+%28Aufenthaltsgesetz+%E2%80%93+AufenthG%29\" target=\"_blank\" rel=\"noopener\">LinkedIn<\/a><a href=\"https:\/\/pinterest.com\/pin\/create\/button\/?url=https:\/\/eurogesetze.com\/?p=2727&description=Kapitel+8.+Beauftragte+f%C3%BCr+Migration%2C+Fl%C3%BCchtlinge+und+Integration+%28Aufenthaltsgesetz+%E2%80%93+AufenthG%29\" target=\"_blank\" rel=\"noopener\">Pinterest<\/a><\/div>","protected":false},"excerpt":{"rendered":"<p>Gesetz \u00fcber den Aufenthalt, die Erwerbst\u00e4tigkeit und die Integration von Ausl\u00e4ndern im Bundesgebiet FacebookTwitterLinkedInPinterest<\/p>\n<p class=\"more-link-p\"><a class=\"more-link\" href=\"https:\/\/eurogesetze.com\/?p=2727\">Read more &rarr;<\/a><\/p>\n","protected":false},"author":1,"featured_media":0,"comment_status":"open","ping_status":"closed","sticky":false,"template":"","format":"standard","meta":{"_lmt_disableupdate":"","_lmt_disable":"","footnotes":""},"categories":[3],"tags":[],"class_list":["post-2727","post","type-post","status-publish","format-standard","hentry","category-gesetze-verordnungen"],"modified_by":"eurogesetze","_links":{"self":[{"href":"https:\/\/eurogesetze.com\/index.php?rest_route=\/wp\/v2\/posts\/2727","targetHints":{"allow":["GET"]}}],"collection":[{"href":"https:\/\/eurogesetze.com\/index.php?rest_route=\/wp\/v2\/posts"}],"about":[{"href":"https:\/\/eurogesetze.com\/index.php?rest_route=\/wp\/v2\/types\/post"}],"author":[{"embeddable":true,"href":"https:\/\/eurogesetze.com\/index.php?rest_route=\/wp\/v2\/users\/1"}],"replies":[{"embeddable":true,"href":"https:\/\/eurogesetze.com\/index.php?rest_route=%2Fwp%2Fv2%2Fcomments&post=2727"}],"version-history":[{"count":1,"href":"https:\/\/eurogesetze.com\/index.php?rest_route=\/wp\/v2\/posts\/2727\/revisions"}],"predecessor-version":[{"id":2728,"href":"https:\/\/eurogesetze.com\/index.php?rest_route=\/wp\/v2\/posts\/2727\/revisions\/2728"}],"wp:attachment":[{"href":"https:\/\/eurogesetze.com\/index.php?rest_route=%2Fwp%2Fv2%2Fmedia&parent=2727"}],"wp:term":[{"taxonomy":"category","embeddable":true,"href":"https:\/\/eurogesetze.com\/index.php?rest_route=%2Fwp%2Fv2%2Fcategories&post=2727"},{"taxonomy":"post_tag","embeddable":true,"href":"https:\/\/eurogesetze.com\/index.php?rest_route=%2Fwp%2Fv2%2Ftags&post=2727"}],"curies":[{"name":"wp","href":"https:\/\/api.w.org\/{rel}","templated":true}]}}