{"id":2721,"date":"2021-08-21T19:40:06","date_gmt":"2021-08-21T19:40:06","guid":{"rendered":"https:\/\/eurogesetze.com\/?p=2721"},"modified":"2021-08-21T19:40:06","modified_gmt":"2021-08-21T19:40:06","slug":"abschnitt-2-bundesamt-fuer-migration-und-fluechtlinge-aufenthaltsgesetz-aufenthg","status":"publish","type":"post","link":"https:\/\/eurogesetze.com\/?p=2721","title":{"rendered":"Abschnitt 2. Bundesamt f\u00fcr Migration und Fl\u00fcchtlinge (Aufenthaltsgesetz \u2013 AufenthG)"},"content":{"rendered":"<p>Gesetz \u00fcber den Aufenthalt, die Erwerbst\u00e4tigkeit und die Integration von Ausl\u00e4ndern im Bundesgebiet<!--more--><\/p>\n<p>zur Gesamtausgabe der Norm im Format: <a href=\"https:\/\/eurogesetze.com\/?p=2635\" target=\"_blank\" rel=\"noopener\">HTML<\/a>, <a href=\"https:\/\/eurogesetze.com\/wp-content\/uploads\/2021\/08\/Aufenthaltsgesetz\u2013AufenthG.pdf\" target=\"_blank\" rel=\"noopener\">PDF<\/a>, <a href=\"https:\/\/eurogesetze.com\/wp-content\/uploads\/2021\/08\/Aufenthaltsgesetz\u2013AufenthG.doc\">WORD<\/a>.<\/p>\n<p style=\"text-align: center;\">Abschnitt 2<br \/>\n<a href=\"https:\/\/eurogesetze.com\/wp-content\/uploads\/2021\/08\/Bundesamt-fuer-Migration-und-Fluechtlinge.pdf\" target=\"_blank\" rel=\"noopener\"><strong>Bundesamt f\u00fcr Migration und Fl\u00fcchtlinge<\/strong><\/a><\/p>\n<p style=\"text-align: center;\"><strong>\u00a7 75 Aufgaben<\/strong><\/p>\n<p>Das Bundesamt f\u00fcr Migration und Fl\u00fcchtlinge hat unbeschadet der Aufgaben nach anderen Gesetzen folgende Aufgaben:<\/p>\n<p>1. Koordinierung der Informationen \u00fcber den Aufenthalt zum Zweck der Erwerbst\u00e4tigkeit zwischen den Ausl\u00e4nderbeh\u00f6rden, der Bundesagentur f\u00fcr Arbeit und der f\u00fcr Pass- und Visaangelegenheiten vom Ausw\u00e4rtigen Amt erm\u00e4chtigten deutschen Auslandsvertretungen;<\/p>\n<p>2.<br \/>\na) Entwicklung von Grundstruktur und Lerninhalten des Integrationskurses nach \u00a7 43 Abs. 3 und der berufsbezogenen Deutschsprachf\u00f6rderung nach \u00a7 45a,<\/p>\n<p>b) deren Durchf\u00fchrung und<\/p>\n<p>c) Ma\u00dfnahmen nach \u00a7 9 Abs. 5 des Bundesvertriebenengesetzes;<\/p>\n<p>3. fachliche Zuarbeit f\u00fcr die Bundesregierung auf dem Gebiet der Integrationsf\u00f6rderung und der Erstellung von Informationsmaterial \u00fcber Integrationsangebote von Bund, L\u00e4ndern und Kommunen f\u00fcr Ausl\u00e4nder und Sp\u00e4taussiedler;<\/p>\n<p>4. Betreiben wissenschaftlicher Forschungen \u00fcber Migrationsfragen (Begleitforschung) zur Gewinnung analytischer Aussagen f\u00fcr die Steuerung der Zuwanderung;<\/p>\n<p>4a. Betreiben wissenschaftlicher Forschungen \u00fcber Integrationsfragen;<\/p>\n<p>5. Zusammenarbeit mit den Verwaltungsbeh\u00f6rden der Mitgliedstaaten der Europ\u00e4ischen Union als Nationale Kontaktstelle und zust\u00e4ndige Beh\u00f6rde nach Artikel 27 der Richtlinie 2001\/55\/EG, Artikel 25 der Richtlinie 2003\/109\/EG, Artikel 22 Absatz 1 der Richtlinie 2009\/50\/EG, Artikel 26 der Richtlinie 2014\/66\/EU und Artikel 37 der Richtlinie (EU) 2016\/801 sowie f\u00fcr Mitteilungen nach \u00a7 51 Absatz 8a;<\/p>\n<p>5a. Pr\u00fcfung der Mitteilungen nach \u00a7 16c Absatz 1, \u00a7 18e Absatz 1 und \u00a7 19a Absatz 1 sowie Ausstellung der Bescheinigungen nach \u00a7 16c Absatz 4, \u00a7 18e Absatz 5 und \u00a7 19a Absatz 4 oder Ablehnung der Einreise und des Aufenthalts;<\/p>\n<p>6. F\u00fchrung des Registers nach \u00a7 91a;<\/p>\n<p>7. Koordinierung der Programme und Mitwirkung an Projekten zur F\u00f6rderung der freiwilligen R\u00fcckkehr sowie Auszahlung hierf\u00fcr bewilligter Mittel;<\/p>\n<p>8. die Durchf\u00fchrung des Aufnahmeverfahrens nach \u00a7 23 Abs. 2 und 4 und die Verteilung der nach \u00a7 23 sowie der nach \u00a7 22 Satz 2 aufgenommenen Ausl\u00e4nder auf die L\u00e4nder;<\/p>\n<p>9. Durchf\u00fchrung einer migrationsspezifischen Beratung nach \u00a7 45 Satz 1, soweit sie nicht durch andere Stellen wahrgenommen wird; hierzu kann es sich privater oder \u00f6ffentlicher Tr\u00e4ger bedienen;<\/p>\n<p>10. Anerkennung von Forschungseinrichtungen zum Abschluss von Aufnahmevereinbarungen nach \u00a7 18d; hierbei wird das Bundesamt f\u00fcr Migration und Fl\u00fcchtlinge durch einen Beirat f\u00fcr Forschungsmigration unterst\u00fctzt;<\/p>\n<p>11. Koordinierung der Informations\u00fcbermittlung und Auswertung von Erkenntnissen der Bundesbeh\u00f6rden, insbesondere des Bundeskriminalamtes und des Bundesamtes f\u00fcr Verfassungsschutz, zu Ausl\u00e4ndern, bei denen wegen Gef\u00e4hrdung der \u00f6ffentlichen Sicherheit ausl\u00e4nder-, asyl- oder staatsangeh\u00f6rigkeitsrechtliche Ma\u00dfnahmen in Betracht kommen;<\/p>\n<p>12. Anordnung eines Einreise- und Aufenthaltsverbots nach \u00a7 11 Absatz 1 im Fall einer Abschiebungsandrohung nach den \u00a7\u00a7 34, 35 des Asylgesetzes oder einer Abschiebungsanordnung nach \u00a7 34a des Asylgesetzes sowie die Anordnung und Befristung eines Einreise- und Aufenthaltsverbots nach \u00a7 11 Absatz 7;<\/p>\n<p>13. unbeschadet des \u00a7 71 Absatz 3 Nummer 7 die Beschaffung von Heimreisedokumenten f\u00fcr Ausl\u00e4nder im Wege der Amtshilfe.<\/p>\n<p style=\"text-align: center;\">\u00a7 76 (weggefallen)<\/p>\n<p style=\"text-align: center;\">zur Gesamtausgabe der Norm im Format: <a href=\"https:\/\/eurogesetze.com\/?p=2635\" target=\"_blank\" rel=\"noopener\">HTML<\/a>, <a href=\"https:\/\/eurogesetze.com\/wp-content\/uploads\/2021\/08\/Aufenthaltsgesetz\u2013AufenthG.pdf\" target=\"_blank\" rel=\"noopener\">PDF<\/a>, <a href=\"https:\/\/eurogesetze.com\/wp-content\/uploads\/2021\/08\/Aufenthaltsgesetz\u2013AufenthG.doc\">WORD<\/a>.<\/p>\n<div class=\"social-share-buttons\"><a href=\"https:\/\/www.facebook.com\/sharer\/sharer.php?u=https:\/\/eurogesetze.com\/?p=2721\" target=\"_blank\" rel=\"noopener\">Facebook<\/a><a href=\"https:\/\/twitter.com\/intent\/tweet?url=https:\/\/eurogesetze.com\/?p=2721&text=Abschnitt+2.+Bundesamt+f%C3%BCr+Migration+und+Fl%C3%BCchtlinge+%28Aufenthaltsgesetz+%E2%80%93+AufenthG%29\" target=\"_blank\" rel=\"noopener\">Twitter<\/a><a href=\"https:\/\/www.linkedin.com\/shareArticle?url=https:\/\/eurogesetze.com\/?p=2721&title=Abschnitt+2.+Bundesamt+f%C3%BCr+Migration+und+Fl%C3%BCchtlinge+%28Aufenthaltsgesetz+%E2%80%93+AufenthG%29\" target=\"_blank\" rel=\"noopener\">LinkedIn<\/a><a href=\"https:\/\/pinterest.com\/pin\/create\/button\/?url=https:\/\/eurogesetze.com\/?p=2721&description=Abschnitt+2.+Bundesamt+f%C3%BCr+Migration+und+Fl%C3%BCchtlinge+%28Aufenthaltsgesetz+%E2%80%93+AufenthG%29\" target=\"_blank\" rel=\"noopener\">Pinterest<\/a><\/div>","protected":false},"excerpt":{"rendered":"<p>Gesetz \u00fcber den Aufenthalt, die Erwerbst\u00e4tigkeit und die Integration von Ausl\u00e4ndern im Bundesgebiet FacebookTwitterLinkedInPinterest<\/p>\n<p class=\"more-link-p\"><a class=\"more-link\" href=\"https:\/\/eurogesetze.com\/?p=2721\">Read more &rarr;<\/a><\/p>\n","protected":false},"author":1,"featured_media":0,"comment_status":"open","ping_status":"closed","sticky":false,"template":"","format":"standard","meta":{"_lmt_disableupdate":"","_lmt_disable":"","footnotes":""},"categories":[3],"tags":[],"class_list":["post-2721","post","type-post","status-publish","format-standard","hentry","category-gesetze-verordnungen"],"modified_by":"eurogesetze","_links":{"self":[{"href":"https:\/\/eurogesetze.com\/index.php?rest_route=\/wp\/v2\/posts\/2721","targetHints":{"allow":["GET"]}}],"collection":[{"href":"https:\/\/eurogesetze.com\/index.php?rest_route=\/wp\/v2\/posts"}],"about":[{"href":"https:\/\/eurogesetze.com\/index.php?rest_route=\/wp\/v2\/types\/post"}],"author":[{"embeddable":true,"href":"https:\/\/eurogesetze.com\/index.php?rest_route=\/wp\/v2\/users\/1"}],"replies":[{"embeddable":true,"href":"https:\/\/eurogesetze.com\/index.php?rest_route=%2Fwp%2Fv2%2Fcomments&post=2721"}],"version-history":[{"count":1,"href":"https:\/\/eurogesetze.com\/index.php?rest_route=\/wp\/v2\/posts\/2721\/revisions"}],"predecessor-version":[{"id":2722,"href":"https:\/\/eurogesetze.com\/index.php?rest_route=\/wp\/v2\/posts\/2721\/revisions\/2722"}],"wp:attachment":[{"href":"https:\/\/eurogesetze.com\/index.php?rest_route=%2Fwp%2Fv2%2Fmedia&parent=2721"}],"wp:term":[{"taxonomy":"category","embeddable":true,"href":"https:\/\/eurogesetze.com\/index.php?rest_route=%2Fwp%2Fv2%2Fcategories&post=2721"},{"taxonomy":"post_tag","embeddable":true,"href":"https:\/\/eurogesetze.com\/index.php?rest_route=%2Fwp%2Fv2%2Ftags&post=2721"}],"curies":[{"name":"wp","href":"https:\/\/api.w.org\/{rel}","templated":true}]}}