{"id":2511,"date":"2021-08-18T21:40:22","date_gmt":"2021-08-18T21:40:22","guid":{"rendered":"https:\/\/eurogesetze.com\/?p=2511"},"modified":"2021-08-18T21:40:22","modified_gmt":"2021-08-18T21:40:22","slug":"gesetz-zu-dem-ersten-staatsvertrag-zur-aenderung-des-staatsvertrages-ueber-die-gemeinsame-berufsvertretung-der-psychologischen-psychotherapeuten-und-der-kinder-und-jugendlichenpsychotherapeuten-vom","status":"publish","type":"post","link":"https:\/\/eurogesetze.com\/?p=2511","title":{"rendered":"Gesetz zu dem Ersten Staatsvertrag zur \u00c4nderung des Staatsvertrages \u00fcber die gemeinsame Berufsvertretung der Psychologischen Psychotherapeuten und der Kinder- und Jugendlichenpsychotherapeuten. Vom 8. Juni 2021"},"content":{"rendered":"<p style=\"text-align: center;\">Gesetz- und Verordnungsblatt<br \/>\nf\u00fcr das Land Brandenburg<br \/>\nTeil I \u2013 Gesetze<\/p>\n<table>\n<tbody>\n<tr>\n<td width=\"151\"><strong>32. Jahrgang<\/strong><\/td>\n<td width=\"265\"><strong>Potsdam, den 9. Juni 2021<\/strong><\/td>\n<td width=\"151\"><strong>Nummer 15<\/strong><\/td>\n<\/tr>\n<\/tbody>\n<\/table>\n<p><!--more--><\/p>\n<p style=\"text-align: center;\"><strong>Gesetz zu dem Ersten Staatsvertrag zur \u00c4nderung des Staatsvertrages \u00fcber die gemeinsame Berufsvertretung der Psychologischen Psychotherapeuten und der Kinder- und Jugendlichenpsychotherapeuten<\/strong><\/p>\n<p style=\"text-align: center;\"><strong>Vom 8. Juni 2021<\/strong><\/p>\n<p>Der Landtag hat das folgende Gesetz beschlossen:<\/p>\n<p style=\"text-align: center;\">\u00a7 1<\/p>\n<p>Dem am 17. M\u00e4rz 2021 vom Land Brandenburg unterzeichneten Ersten Staatsvertrag zur \u00c4nderung des Staatsvertra- ges \u00fcber die gemeinsame Berufsvertretung der Psychologischen Psychotherapeuten und der Kinder- und Jugendli- chenpsychotherapeuten wird zugestimmt. Der Staatsvertrag wird nachstehend ver\u00f6ffentlicht.<\/p>\n<p style=\"text-align: center;\">\u00a7 2<\/p>\n<p>Durch Artikel 1 Absatz 3 des Staatsvertrages \u00fcber die Gemeinsame Berufsvertretung der Psychotherapeutinnen und Psychotherapeuten wird das Grundrecht auf Berufsfreiheit (Artikel 49 Absatz 1 der Verfassung des Landes Branden- burg) eingeschr\u00e4nkt.<\/p>\n<p style=\"text-align: center;\">\u00a7 3<\/p>\n<p>(1) Dieses Gesetz tritt am Tag nach der Verk\u00fcndung in Kraft.<\/p>\n<p>(2) Der Staatsvertrag tritt nach seinem Artikel 2 Absatz 1 Satz 1 am 1. Juli 2021 in Kraft. Sollte der Staatsvertrag nach seinem Artikel 2 Absatz 1 Satz 2 gegenstandslos werden, ist dies im Gesetz- und Verordnungsblatt f\u00fcr das Land Brandenburg Teil I bekannt zu geben.<\/p>\n<p>Potsdam, den 8. Juni 2021<\/p>\n<p style=\"text-align: center;\">Die Pr\u00e4sidentin<br \/>\ndes Landtages Brandenburg<br \/>\nDr. Ulrike Liedtke<\/p>\n<p><strong>Erster Staatsvertrag zur \u00c4nderung des Staatsvertrages \u00fcber die gemeinsame Berufsvertretung der Psychologischen Psychotherapeuten und der Kinder- und Jugendlichenpsychotherapeuten<\/strong><\/p>\n<p>Das Land Brandenburg,<br \/>\ndas Land Mecklenburg-Vorpommern,<br \/>\nder Freistaat Sachsen,<br \/>\ndas Land Sachsen-Anhalt und<br \/>\nder Freistaat Th\u00fcringen<br \/>\n&#8211; nachstehend \u201ebeteiligte L\u00e4nder\u201c genannt &#8211;<br \/>\nschlie\u00dfen den nachstehenden Staatsvertrag:<\/p>\n<p style=\"text-align: center;\"><strong>Artikel 1<\/strong><\/p>\n<p style=\"text-align: center;\"><strong>\u00c4nderung des Staatsvertrages zur gemeinsamen Berufsvertretung der Psychologischen Psychotherapeuten und Kinder- und Jugendlichenpsychotherapeuten<\/strong><\/p>\n<p>Der Staatsvertrag zur gemeinsamen Berufsvertretung der Psychologischen Psychotherapeuten und Kinder- und Jugendli- chenpsychotherapeuten vom 2. Juni 2005 wird wie folgt ge\u00e4ndert:<\/p>\n<p>1. In der \u00dcberschrift werden die W\u00f6rter \u201ePsychologischen Psychotherapeuten und der Kinder- und Jugendlichenpsy- chotherapeuten\u201c durch die W\u00f6rter \u201ePsychotherapeutinnen und Psychotherapeuten\u201c ersetzt.<\/p>\n<p>2. Artikel 1 wird wie folgt ge\u00e4ndert:<\/p>\n<p>a) Absatz 1 wird wie folgt ge\u00e4ndert:<\/p>\n<p>aa) In Satz 1 werden die W\u00f6rter \u201ePsychologischen Psychotherapeuten und der Kinder- und Jugendlichen- psychotherapeuten\u201c durch die W\u00f6rter \u201ePsychotherapeutinnen und Psychotherapeuten\u201c ersetzt.<\/p>\n<p>bb) Folgender Satz wird angef\u00fcgt:<\/p>\n<p>\u201ePsychotherapeutinnen und Psychotherapeuten im Sinne dieses Vertrages sind Psychologische Psycho- therapeutinnen und Psychotherapeuten, Kinder- und Jugendlichenpsychotherapeutinnen und Kinder- und Jugendlichenpsychotherapeuten sowie Psychotherapeutinnen und Psychotherapeuten, die \u00fcber eine Approbation oder eine Berufserlaubnis nach \u00a7 2 oder \u00a7 4 des Psychotherapeutengesetzes vom 16. Ju- ni 1998 (BGBl. I S. 1311) in der bis zum 31. August 2020 geltenden Fassung verf\u00fcgen, sowie Psycho- therapeutinnen und Psychotherapeuten, die \u00fcber eine Approbation oder eine Berufserlaubnis nach \u00a7 1 Absatz 1 Satz 1 oder 2 des Psychotherapeutengesetzes vom 15. November 2019 (BGBl. I S. 1604) in der jeweils geltenden Fassung verf\u00fcgen.\u201c<\/p>\n<p>b) Absatz 4 wird wie folgt ge\u00e4ndert: aa) Satz 1 wird wie folgt ge\u00e4ndert:<br \/>\naaa) Nach dem Wort \u201eApotheker\u201c werden die W\u00f6rter \u201esowie der Psychologischen Psychothera- peuten und der Kinder- und Jugendlichenpsychotherapeuten\u201c eingef\u00fcgt.<\/p>\n<p>bbb) Die W\u00f6rter \u201eArtikel 17 des Gesetzes vom 27. Juni 2001 (S\u00e4chsGVBl. S. 426, 428)\u201c werden durch die W\u00f6rter \u201eArtikel 2 des Gesetzes vom 15. Juli 2020 (S\u00e4chsGVBl. S. 374\u201c) ersetzt.<\/p>\n<p>bb) In Satz 2 wird das Wort \u201eRichter\u201c durch die W\u00f6rter \u201eRichterinnen und Richter\u201c ersetzt.<\/p>\n<p>c) In Absatz 5 Satz 1 und Satz 2 werden jeweils die W\u00f6rter \u201ePsychologischen Psychotherapeuten und der Kin- der- und Jugendlichenpsychotherapeuten\u201c durch die W\u00f6rter \u201ePsychotherapeutinnen und Psychotherapeuten\u201c ersetzt.<\/p>\n<p>3. Artikel 3 wird wie folgt ge\u00e4ndert:<\/p>\n<p>a) In Satz 1 werden die W\u00f6rter \u201edes Pr\u00e4sidenten und des Vizepr\u00e4sidenten\u201c durch die W\u00f6rter \u201eder Pr\u00e4sidentin oder des Pr\u00e4sidenten und der Vizepr\u00e4sidentin oder des Vizepr\u00e4sidenten\u201c ersetzt.<\/p>\n<p>b) Satz 3 wird gestrichen.<\/p>\n<p>4. Artikel 5 wird aufgehoben.<\/p>\n<p>5. Artikel 6 wird Artikel 5.<\/p>\n<p>6. Artikel 7 wird Artikel 6 und wie folgt ge\u00e4ndert:<\/p>\n<p>a) Die Absatzbezeichnung \u201e(1)\u201c wird gestrichen.<\/p>\n<p>b) Absatz 2 wird aufgehoben.<\/p>\n<p>7. Artikel 8 wird Artikel 7.<\/p>\n<p style=\"text-align: center;\"><strong>Artikel 2<\/strong><\/p>\n<p style=\"text-align: center;\"><strong>Inkrafttreten, Neubekanntmachung<\/strong><\/p>\n<p>(1) Dieser Staatsvertrag tritt zum 1. Juli 2021 in Kraft. Sind bis zum 30. Juni 2021 nicht alle Ratifikationsurkunden bei der S\u00e4chsischen Staatskanzlei hinterlegt, wird der Staatsvertrag gegenstandslos.<\/p>\n<p>(2) Die S\u00e4chsische Staatskanzlei teilt den L\u00e4ndern die Hinterlegung der Ratifikationsurkunden mit.<\/p>\n<p>(3) Die L\u00e4nder werden erm\u00e4chtigt, den Wortlaut des Staatsvertrages in der Fassung, die sich aus Artikel 1 ergibt, mit neuem Datum bekannt zu machen.<\/p>\n<p>Potsdam, den 17. M\u00e4rz 2021<\/p>\n<p style=\"text-align: center;\">F\u00fcr das Land Brandenburg<\/p>\n<p style=\"text-align: center;\">Der Ministerpr\u00e4sident,<br \/>\nvertreten durch die Ministerin f\u00fcr Soziales, Gesundheit, Integration und Verbraucherschutz<br \/>\nUrsula Nonnemacher<\/p>\n<p>Schwerin, den 13. M\u00e4rz 2021<\/p>\n<p style=\"text-align: center;\">F\u00fcr das Land Mecklenburg-Vorpommern<br \/>\nDie Ministerpr\u00e4sidentin<br \/>\nvertreten durch den Minister f\u00fcr Wirtschaft, Arbeit und Gesundheit Harry Glawe<\/p>\n<p>Dresden, den 19. M\u00e4rz 2021<\/p>\n<p style=\"text-align: center;\">F\u00fcr den Freistaat Sachsen<br \/>\nDer Ministerpr\u00e4sident<br \/>\nvertreten durch die Staatsministerin f\u00fcr Soziales und Gesellschaftlichen Zusammenhalt<br \/>\nPetra K\u00f6pping<\/p>\n<p>Magdeburg, den 15. M\u00e4rz 2021<\/p>\n<p style=\"text-align: center;\">F\u00fcr das Land Sachsen-Anhalt<br \/>\nDer Ministerpr\u00e4sident<br \/>\nvertreten durch die Ministerin f\u00fcr Arbeit, Soziales und Integration<br \/>\nPetra Grimm-Benne<\/p>\n<p>Erfurt, den 28. April 2021<\/p>\n<p style=\"text-align: center;\">F\u00fcr den Freistaat Th\u00fcringen<br \/>\nDer Ministerpr\u00e4sident<br \/>\nvertreten durch die Ministerin f\u00fcr Arbeit, Soziales, Gesundheit, Frauen und Familie<br \/>\nHeike Werner<\/p>\n<p>Herausgeberin: Die Pr\u00e4sidentin des Landtages Brandenburg<\/p>\n<div id=\"s3gt_translate_tooltip_mini\" class=\"s3gt_translate_tooltip_mini_box\" style=\"background: initial !important; border: initial !important; border-radius: initial !important; border-spacing: initial !important; border-collapse: initial !important; direction: ltr !important; flex-direction: initial !important; font-weight: initial !important; height: initial !important; letter-spacing: initial !important; min-width: initial !important; max-width: initial !important; min-height: initial !important; max-height: initial !important; margin: auto !important; outline: initial !important; padding: initial !important; position: absolute; table-layout: initial !important; text-align: initial !important; text-shadow: initial !important; width: initial !important; word-break: initial !important; word-spacing: initial !important; overflow-wrap: initial !important; box-sizing: initial !important; display: initial !important; color: inherit !important; font-size: 13px !important; font-family: X-LocaleSpecific, sans-serif, Tahoma, Helvetica !important; line-height: 13px !important; vertical-align: top !important; white-space: inherit !important; left: 133px; top: 3087px;\">\n<div id=\"s3gt_translate_tooltip_mini_logo\" class=\"s3gt_translate_tooltip_mini\" title=\"\u041f\u0435\u0440\u0435\u0432\u0435\u0441\u0442\u0438 \u0432\u044b\u0434\u0435\u043b\u0435\u043d\u043d\u044b\u0439 \u0444\u0440\u0430\u0433\u043c\u0435\u043d\u0442\"><\/div>\n<div id=\"s3gt_translate_tooltip_mini_sound\" class=\"s3gt_translate_tooltip_mini\" title=\"\u041f\u0440\u043e\u0441\u043b\u0443\u0448\u0430\u0442\u044c\"><\/div>\n<div id=\"s3gt_translate_tooltip_mini_copy\" class=\"s3gt_translate_tooltip_mini\" title=\"\u0421\u043a\u043e\u043f\u0438\u0440\u043e\u0432\u0430\u0442\u044c \u0442\u0435\u043a\u0441\u0442 \u0432 \u0431\u0443\u0444\u0435\u0440 \u043e\u0431\u043c\u0435\u043d\u0430\"><\/div>\n<\/div>\n<div id=\"s3gt_translate_tooltip_mini\" class=\"s3gt_translate_tooltip_mini_box\" style=\"background: initial !important; border: initial !important; border-radius: initial !important; border-spacing: initial !important; border-collapse: initial !important; direction: ltr !important; flex-direction: initial !important; font-weight: initial !important; height: initial !important; letter-spacing: initial !important; min-width: initial !important; max-width: initial !important; min-height: initial !important; max-height: initial !important; margin: auto !important; outline: initial !important; padding: initial !important; position: absolute; table-layout: initial !important; text-align: initial !important; text-shadow: initial !important; width: initial !important; word-break: initial !important; word-spacing: initial !important; overflow-wrap: initial !important; box-sizing: initial !important; display: initial !important; color: inherit !important; font-size: 13px !important; font-family: X-LocaleSpecific, sans-serif, Tahoma, Helvetica !important; line-height: 13px !important; vertical-align: top !important; white-space: inherit !important; left: 211px; top: 2939px; opacity: 0.8;\">\n<div id=\"s3gt_translate_tooltip_mini_logo\" class=\"s3gt_translate_tooltip_mini\" title=\"\u041f\u0435\u0440\u0435\u0432\u0435\u0441\u0442\u0438 \u0432\u044b\u0434\u0435\u043b\u0435\u043d\u043d\u044b\u0439 \u0444\u0440\u0430\u0433\u043c\u0435\u043d\u0442\"><\/div>\n<div id=\"s3gt_translate_tooltip_mini_sound\" class=\"s3gt_translate_tooltip_mini\" title=\"\u041f\u0440\u043e\u0441\u043b\u0443\u0448\u0430\u0442\u044c\"><\/div>\n<div id=\"s3gt_translate_tooltip_mini_copy\" class=\"s3gt_translate_tooltip_mini\" title=\"\u0421\u043a\u043e\u043f\u0438\u0440\u043e\u0432\u0430\u0442\u044c \u0442\u0435\u043a\u0441\u0442 \u0432 \u0431\u0443\u0444\u0435\u0440 \u043e\u0431\u043c\u0435\u043d\u0430\"><\/div>\n<\/div>\n<div id=\"s3gt_translate_tooltip_mini\" class=\"s3gt_translate_tooltip_mini_box\" style=\"background: initial !important; border: initial !important; border-radius: initial !important; border-spacing: initial !important; border-collapse: initial !important; direction: ltr !important; flex-direction: initial !important; font-weight: initial !important; height: initial !important; letter-spacing: initial !important; min-width: initial !important; max-width: initial !important; min-height: initial !important; max-height: initial !important; margin: auto !important; outline: initial !important; padding: initial !important; position: absolute; table-layout: initial !important; text-align: initial !important; text-shadow: initial !important; width: initial !important; word-break: initial !important; word-spacing: initial !important; overflow-wrap: initial !important; box-sizing: initial !important; display: initial !important; color: inherit !important; font-size: 13px !important; font-family: X-LocaleSpecific, sans-serif, Tahoma, Helvetica !important; line-height: 13px !important; vertical-align: top !important; white-space: inherit !important; left: 140px; top: 2796px;\">\n<div id=\"s3gt_translate_tooltip_mini_logo\" class=\"s3gt_translate_tooltip_mini\" title=\"\u041f\u0435\u0440\u0435\u0432\u0435\u0441\u0442\u0438 \u0432\u044b\u0434\u0435\u043b\u0435\u043d\u043d\u044b\u0439 \u0444\u0440\u0430\u0433\u043c\u0435\u043d\u0442\"><\/div>\n<div id=\"s3gt_translate_tooltip_mini_sound\" class=\"s3gt_translate_tooltip_mini\" title=\"\u041f\u0440\u043e\u0441\u043b\u0443\u0448\u0430\u0442\u044c\"><\/div>\n<div id=\"s3gt_translate_tooltip_mini_copy\" class=\"s3gt_translate_tooltip_mini\" title=\"\u0421\u043a\u043e\u043f\u0438\u0440\u043e\u0432\u0430\u0442\u044c \u0442\u0435\u043a\u0441\u0442 \u0432 \u0431\u0443\u0444\u0435\u0440 \u043e\u0431\u043c\u0435\u043d\u0430\"><\/div>\n<\/div>\n<div id=\"s3gt_translate_tooltip_mini\" class=\"s3gt_translate_tooltip_mini_box\" style=\"background: initial !important; border: initial !important; border-radius: initial !important; border-spacing: initial !important; border-collapse: initial !important; direction: ltr !important; flex-direction: initial !important; font-weight: initial !important; height: initial !important; letter-spacing: initial !important; min-width: initial !important; max-width: initial !important; min-height: initial !important; max-height: initial !important; margin: auto !important; outline: initial !important; padding: initial !important; position: absolute; table-layout: initial !important; text-align: initial !important; text-shadow: initial !important; width: initial !important; word-break: initial !important; word-spacing: initial !important; overflow-wrap: initial !important; box-sizing: initial !important; display: initial !important; color: inherit !important; font-size: 13px !important; font-family: X-LocaleSpecific, sans-serif, Tahoma, Helvetica !important; line-height: 13px !important; vertical-align: top !important; white-space: inherit !important; left: 190px; top: 2689px;\">\n<div id=\"s3gt_translate_tooltip_mini_logo\" class=\"s3gt_translate_tooltip_mini\" title=\"\u041f\u0435\u0440\u0435\u0432\u0435\u0441\u0442\u0438 \u0432\u044b\u0434\u0435\u043b\u0435\u043d\u043d\u044b\u0439 \u0444\u0440\u0430\u0433\u043c\u0435\u043d\u0442\"><\/div>\n<div id=\"s3gt_translate_tooltip_mini_sound\" class=\"s3gt_translate_tooltip_mini\" title=\"\u041f\u0440\u043e\u0441\u043b\u0443\u0448\u0430\u0442\u044c\"><\/div>\n<div id=\"s3gt_translate_tooltip_mini_copy\" class=\"s3gt_translate_tooltip_mini\" title=\"\u0421\u043a\u043e\u043f\u0438\u0440\u043e\u0432\u0430\u0442\u044c \u0442\u0435\u043a\u0441\u0442 \u0432 \u0431\u0443\u0444\u0435\u0440 \u043e\u0431\u043c\u0435\u043d\u0430\"><\/div>\n<\/div>\n<div id=\"s3gt_translate_tooltip_mini\" class=\"s3gt_translate_tooltip_mini_box\" style=\"background: initial !important; border: initial !important; border-radius: initial !important; border-spacing: initial !important; border-collapse: initial !important; direction: ltr !important; flex-direction: initial !important; font-weight: initial !important; height: initial !important; letter-spacing: initial !important; min-width: initial !important; max-width: initial !important; min-height: initial !important; max-height: initial !important; margin: auto !important; outline: initial !important; padding: initial !important; position: absolute; table-layout: initial !important; text-align: initial !important; text-shadow: initial !important; width: initial !important; word-break: initial !important; word-spacing: initial !important; overflow-wrap: initial !important; box-sizing: initial !important; display: initial !important; color: inherit !important; font-size: 13px !important; font-family: X-LocaleSpecific, sans-serif, Tahoma, Helvetica !important; line-height: 13px !important; vertical-align: top !important; white-space: inherit !important; left: 146px; top: 1016px;\">\n<div id=\"s3gt_translate_tooltip_mini_logo\" class=\"s3gt_translate_tooltip_mini\" title=\"\u041f\u0435\u0440\u0435\u0432\u0435\u0441\u0442\u0438 \u0432\u044b\u0434\u0435\u043b\u0435\u043d\u043d\u044b\u0439 \u0444\u0440\u0430\u0433\u043c\u0435\u043d\u0442\"><\/div>\n<div id=\"s3gt_translate_tooltip_mini_sound\" class=\"s3gt_translate_tooltip_mini\" title=\"\u041f\u0440\u043e\u0441\u043b\u0443\u0448\u0430\u0442\u044c\"><\/div>\n<div id=\"s3gt_translate_tooltip_mini_copy\" class=\"s3gt_translate_tooltip_mini\" title=\"\u0421\u043a\u043e\u043f\u0438\u0440\u043e\u0432\u0430\u0442\u044c \u0442\u0435\u043a\u0441\u0442 \u0432 \u0431\u0443\u0444\u0435\u0440 \u043e\u0431\u043c\u0435\u043d\u0430\"><\/div>\n<\/div>\n<div id=\"s3gt_translate_tooltip_mini\" class=\"s3gt_translate_tooltip_mini_box\" style=\"background: initial !important; border: initial !important; border-radius: initial !important; border-spacing: initial !important; border-collapse: initial !important; direction: ltr !important; flex-direction: initial !important; font-weight: initial !important; height: initial !important; letter-spacing: initial !important; min-width: initial !important; max-width: initial !important; min-height: initial !important; max-height: initial !important; margin: auto !important; outline: initial !important; padding: initial !important; position: absolute; table-layout: initial !important; text-align: initial !important; text-shadow: initial !important; width: initial !important; word-break: initial !important; word-spacing: initial !important; overflow-wrap: initial !important; box-sizing: initial !important; display: initial !important; color: inherit !important; font-size: 13px !important; font-family: X-LocaleSpecific, sans-serif, Tahoma, Helvetica !important; line-height: 13px !important; vertical-align: top !important; white-space: inherit !important; left: 432px; top: 297px;\">\n<div id=\"s3gt_translate_tooltip_mini_logo\" class=\"s3gt_translate_tooltip_mini\" title=\"\u041f\u0435\u0440\u0435\u0432\u0435\u0441\u0442\u0438 \u0432\u044b\u0434\u0435\u043b\u0435\u043d\u043d\u044b\u0439 \u0444\u0440\u0430\u0433\u043c\u0435\u043d\u0442\"><\/div>\n<div id=\"s3gt_translate_tooltip_mini_sound\" class=\"s3gt_translate_tooltip_mini\" title=\"\u041f\u0440\u043e\u0441\u043b\u0443\u0448\u0430\u0442\u044c\"><\/div>\n<div id=\"s3gt_translate_tooltip_mini_copy\" class=\"s3gt_translate_tooltip_mini\" title=\"\u0421\u043a\u043e\u043f\u0438\u0440\u043e\u0432\u0430\u0442\u044c \u0442\u0435\u043a\u0441\u0442 \u0432 \u0431\u0443\u0444\u0435\u0440 \u043e\u0431\u043c\u0435\u043d\u0430\"><\/div>\n<\/div>\n<div class=\"social-share-buttons\"><a href=\"https:\/\/www.facebook.com\/sharer\/sharer.php?u=https:\/\/eurogesetze.com\/?p=2511\" target=\"_blank\" rel=\"noopener\">Facebook<\/a><a href=\"https:\/\/twitter.com\/intent\/tweet?url=https:\/\/eurogesetze.com\/?p=2511&text=Gesetz+zu+dem+Ersten+Staatsvertrag+zur+%C3%84nderung+des+Staatsvertrages+%C3%BCber+die+gemeinsame+Berufsvertretung+der+Psychologischen+Psychotherapeuten+und+der+Kinder-+und+Jugendlichenpsychotherapeuten.+Vom+8.+Juni+2021\" target=\"_blank\" rel=\"noopener\">Twitter<\/a><a href=\"https:\/\/www.linkedin.com\/shareArticle?url=https:\/\/eurogesetze.com\/?p=2511&title=Gesetz+zu+dem+Ersten+Staatsvertrag+zur+%C3%84nderung+des+Staatsvertrages+%C3%BCber+die+gemeinsame+Berufsvertretung+der+Psychologischen+Psychotherapeuten+und+der+Kinder-+und+Jugendlichenpsychotherapeuten.+Vom+8.+Juni+2021\" target=\"_blank\" rel=\"noopener\">LinkedIn<\/a><a href=\"https:\/\/pinterest.com\/pin\/create\/button\/?url=https:\/\/eurogesetze.com\/?p=2511&description=Gesetz+zu+dem+Ersten+Staatsvertrag+zur+%C3%84nderung+des+Staatsvertrages+%C3%BCber+die+gemeinsame+Berufsvertretung+der+Psychologischen+Psychotherapeuten+und+der+Kinder-+und+Jugendlichenpsychotherapeuten.+Vom+8.+Juni+2021\" target=\"_blank\" rel=\"noopener\">Pinterest<\/a><\/div>","protected":false},"excerpt":{"rendered":"<p>Gesetz- und Verordnungsblatt f\u00fcr das Land Brandenburg Teil I \u2013 Gesetze 32. Jahrgang Potsdam, den 9. Juni 2021 Nummer 15 FacebookTwitterLinkedInPinterest<\/p>\n<p class=\"more-link-p\"><a class=\"more-link\" href=\"https:\/\/eurogesetze.com\/?p=2511\">Read more &rarr;<\/a><\/p>\n","protected":false},"author":1,"featured_media":0,"comment_status":"open","ping_status":"closed","sticky":false,"template":"","format":"standard","meta":{"_lmt_disableupdate":"","_lmt_disable":"","footnotes":""},"categories":[11],"tags":[],"class_list":["post-2511","post","type-post","status-publish","format-standard","hentry","category-landesrecht-brandenburg"],"modified_by":"eurogesetze","_links":{"self":[{"href":"https:\/\/eurogesetze.com\/index.php?rest_route=\/wp\/v2\/posts\/2511","targetHints":{"allow":["GET"]}}],"collection":[{"href":"https:\/\/eurogesetze.com\/index.php?rest_route=\/wp\/v2\/posts"}],"about":[{"href":"https:\/\/eurogesetze.com\/index.php?rest_route=\/wp\/v2\/types\/post"}],"author":[{"embeddable":true,"href":"https:\/\/eurogesetze.com\/index.php?rest_route=\/wp\/v2\/users\/1"}],"replies":[{"embeddable":true,"href":"https:\/\/eurogesetze.com\/index.php?rest_route=%2Fwp%2Fv2%2Fcomments&post=2511"}],"version-history":[{"count":1,"href":"https:\/\/eurogesetze.com\/index.php?rest_route=\/wp\/v2\/posts\/2511\/revisions"}],"predecessor-version":[{"id":2512,"href":"https:\/\/eurogesetze.com\/index.php?rest_route=\/wp\/v2\/posts\/2511\/revisions\/2512"}],"wp:attachment":[{"href":"https:\/\/eurogesetze.com\/index.php?rest_route=%2Fwp%2Fv2%2Fmedia&parent=2511"}],"wp:term":[{"taxonomy":"category","embeddable":true,"href":"https:\/\/eurogesetze.com\/index.php?rest_route=%2Fwp%2Fv2%2Fcategories&post=2511"},{"taxonomy":"post_tag","embeddable":true,"href":"https:\/\/eurogesetze.com\/index.php?rest_route=%2Fwp%2Fv2%2Ftags&post=2511"}],"curies":[{"name":"wp","href":"https:\/\/api.w.org\/{rel}","templated":true}]}}